{"id":226,"date":"2021-07-21T18:15:06","date_gmt":"2021-07-21T16:15:06","guid":{"rendered":"http:\/\/www.holmon.se\/sommarteater\/?p=226"},"modified":"2021-07-21T18:15:06","modified_gmt":"2021-07-21T16:15:06","slug":"sa-har-vi-haft-sista-forestallningen","status":"publish","type":"post","link":"https:\/\/www.holmon.se\/sommarteater\/2021\/07\/21\/sa-har-vi-haft-sista-forestallningen\/","title":{"rendered":"S\u00e5 har vi haft sista f\u00f6rest\u00e4llningen"},"content":{"rendered":"\n<p>Efter n\u00e4stan tv\u00e5 intensiva veckor med repetirioner och f\u00f6rest\u00e4llningar s\u00e5 \u00e4r det nu \u00f6ver. Sista f\u00f6est\u00e4llningen har n\u00e4stan fullsatt publik. Det k\u00e4nns b\u00e5de sk\u00f6nt att f\u00e5 ta det lite lugnt men samtidigt vemodigt att det \u00e4r \u00f6ver f\u00f6r denna g\u00e5ng.<\/p>\n\n\n\n<figure class=\"wp-block-image size-full\"><img loading=\"lazy\" decoding=\"async\" width=\"526\" height=\"594\" src=\"http:\/\/www.holmon.se\/sommarteater\/wp-content\/uploads\/sites\/5\/2021\/07\/Rotvaltan.jpg\" alt=\"\" class=\"wp-image-227\" srcset=\"https:\/\/www.holmon.se\/sommarteater\/wp-content\/uploads\/sites\/5\/2021\/07\/Rotvaltan.jpg 526w, https:\/\/www.holmon.se\/sommarteater\/wp-content\/uploads\/sites\/5\/2021\/07\/Rotvaltan-266x300.jpg 266w\" sizes=\"auto, (max-width: 526px) 100vw, 526px\" \/><\/figure>\n\n\n\n<figure class=\"wp-block-image size-full\"><img loading=\"lazy\" decoding=\"async\" width=\"526\" height=\"946\" src=\"http:\/\/www.holmon.se\/sommarteater\/wp-content\/uploads\/sites\/5\/2021\/07\/Skogen.jpg\" alt=\"\" class=\"wp-image-228\" srcset=\"https:\/\/www.holmon.se\/sommarteater\/wp-content\/uploads\/sites\/5\/2021\/07\/Skogen.jpg 526w, https:\/\/www.holmon.se\/sommarteater\/wp-content\/uploads\/sites\/5\/2021\/07\/Skogen-167x300.jpg 167w\" sizes=\"auto, (max-width: 526px) 100vw, 526px\" \/><\/figure>\n","protected":false},"excerpt":{"rendered":"<p>Efter n\u00e4stan tv\u00e5 intensiva veckor med repetirioner och f\u00f6rest\u00e4llningar s\u00e5 \u00e4r det nu \u00f6ver. Sista f\u00f6est\u00e4llningen har n\u00e4stan fullsatt publik. Det k\u00e4nns b\u00e5de sk\u00f6nt att f\u00e5 ta det lite lugnt men samtidigt vemodigt att det \u00e4r \u00f6ver f\u00f6r denna g\u00e5ng.<\/p>\n","protected":false},"author":3,"featured_media":220,"comment_status":"closed","ping_status":"open","sticky":false,"template":"","format":"standard","meta":{"footnotes":""},"categories":[4],"tags":[],"class_list":["post-226","post","type-post","status-publish","format-standard","has-post-thumbnail","hentry","category-notis"],"_links":{"self":[{"href":"https:\/\/www.holmon.se\/sommarteater\/wp-json\/wp\/v2\/posts\/226","targetHints":{"allow":["GET"]}}],"collection":[{"href":"https:\/\/www.holmon.se\/sommarteater\/wp-json\/wp\/v2\/posts"}],"about":[{"href":"https:\/\/www.holmon.se\/sommarteater\/wp-json\/wp\/v2\/types\/post"}],"author":[{"embeddable":true,"href":"https:\/\/www.holmon.se\/sommarteater\/wp-json\/wp\/v2\/users\/3"}],"replies":[{"embeddable":true,"href":"https:\/\/www.holmon.se\/sommarteater\/wp-json\/wp\/v2\/comments?post=226"}],"version-history":[{"count":1,"href":"https:\/\/www.holmon.se\/sommarteater\/wp-json\/wp\/v2\/posts\/226\/revisions"}],"predecessor-version":[{"id":229,"href":"https:\/\/www.holmon.se\/sommarteater\/wp-json\/wp\/v2\/posts\/226\/revisions\/229"}],"wp:featuredmedia":[{"embeddable":true,"href":"https:\/\/www.holmon.se\/sommarteater\/wp-json\/wp\/v2\/media\/220"}],"wp:attachment":[{"href":"https:\/\/www.holmon.se\/sommarteater\/wp-json\/wp\/v2\/media?parent=226"}],"wp:term":[{"taxonomy":"category","embeddable":true,"href":"https:\/\/www.holmon.se\/sommarteater\/wp-json\/wp\/v2\/categories?post=226"},{"taxonomy":"post_tag","embeddable":true,"href":"https:\/\/www.holmon.se\/sommarteater\/wp-json\/wp\/v2\/tags?post=226"}],"curies":[{"name":"wp","href":"https:\/\/api.w.org\/{rel}","templated":true}]}}