{"id":130,"date":"2024-05-20T22:12:01","date_gmt":"2024-05-20T20:12:01","guid":{"rendered":"http:\/\/www.holmon.se\/postrodd\/?p=130"},"modified":"2025-06-03T11:13:27","modified_gmt":"2025-06-03T09:13:27","slug":"dags-att-anmala-sig-till-postrodden-2024","status":"publish","type":"post","link":"https:\/\/www.holmon.se\/postrodd\/2024\/05\/20\/dags-att-anmala-sig-till-postrodden-2024\/","title":{"rendered":"Dags att anm\u00e4la sig till postrodden 2025"},"content":{"rendered":"\n<p class=\"has-medium-font-size\"><strong>Information r\u00f6rande \u00e5rets rodd  och l\u00e4nkar till anm\u00e4lan hittar du <a href=\"https:\/\/forms.office.com\/pages\/responsepage.aspx?id=DQSIkWdsW0yxEjajBLZtrQAAAAAAAAAAAAZAAKYEwMRURExWVlVWODVHWDFGRzhNWlFWMUIwNDc2SS4u&amp;route=shorturl\" target=\"_blank\" rel=\"noreferrer noopener\">h\u00e4r<\/a><\/strong><\/p>\n\n\n\n<p class=\"has-text-align-center has-red-color has-text-color has-link-color has-medium-font-size wp-elements-d9eae13a1a990b068d808ab01a8f849d\"><strong>Sista dag f\u00f6r anm\u00e4lan och erlagd startavgift 16:e juni<\/strong><\/p>\n\n\n\n<p class=\"has-text-align-center has-medium-font-size\"><strong>D\u00e4refter tas inga anm\u00e4lningar emot<\/strong><\/p>\n\n\n\n<p class=\"has-text-align-center\">Holm\u00f6ns Postroddsf\u00f6rening och Bj\u00f6rk\u00f6 Ungdomsf\u00f6rening Stj\u00e4rnan<\/p>\n\n\n\n<figure class=\"wp-block-image size-full\"><img loading=\"lazy\" decoding=\"async\" width=\"960\" height=\"720\" src=\"http:\/\/www.holmon.se\/postrodd\/wp-content\/uploads\/sites\/3\/2020\/02\/Lommen-ror.jpg\" alt=\"\" class=\"wp-image-28\" srcset=\"https:\/\/www.holmon.se\/postrodd\/wp-content\/uploads\/sites\/3\/2020\/02\/Lommen-ror.jpg 960w, https:\/\/www.holmon.se\/postrodd\/wp-content\/uploads\/sites\/3\/2020\/02\/Lommen-ror-300x225.jpg 300w, https:\/\/www.holmon.se\/postrodd\/wp-content\/uploads\/sites\/3\/2020\/02\/Lommen-ror-768x576.jpg 768w\" sizes=\"auto, (max-width: 960px) 100vw, 960px\" \/><\/figure>\n","protected":false},"excerpt":{"rendered":"<p>Information r\u00f6rande \u00e5rets rodd och l\u00e4nkar till anm\u00e4lan hittar du h\u00e4r Sista dag f\u00f6r anm\u00e4lan och erlagd startavgift 16:e juni D\u00e4refter tas inga anm\u00e4lningar emot Holm\u00f6ns Postroddsf\u00f6rening och Bj\u00f6rk\u00f6 Ungdomsf\u00f6rening Stj\u00e4rnan<\/p>\n","protected":false},"author":104,"featured_media":0,"comment_status":"closed","ping_status":"open","sticky":false,"template":"","format":"standard","meta":{"footnotes":""},"categories":[1],"tags":[],"class_list":["post-130","post","type-post","status-publish","format-standard","hentry","category-okategoriserade"],"_links":{"self":[{"href":"https:\/\/www.holmon.se\/postrodd\/wp-json\/wp\/v2\/posts\/130","targetHints":{"allow":["GET"]}}],"collection":[{"href":"https:\/\/www.holmon.se\/postrodd\/wp-json\/wp\/v2\/posts"}],"about":[{"href":"https:\/\/www.holmon.se\/postrodd\/wp-json\/wp\/v2\/types\/post"}],"author":[{"embeddable":true,"href":"https:\/\/www.holmon.se\/postrodd\/wp-json\/wp\/v2\/users\/104"}],"replies":[{"embeddable":true,"href":"https:\/\/www.holmon.se\/postrodd\/wp-json\/wp\/v2\/comments?post=130"}],"version-history":[{"count":3,"href":"https:\/\/www.holmon.se\/postrodd\/wp-json\/wp\/v2\/posts\/130\/revisions"}],"predecessor-version":[{"id":148,"href":"https:\/\/www.holmon.se\/postrodd\/wp-json\/wp\/v2\/posts\/130\/revisions\/148"}],"wp:attachment":[{"href":"https:\/\/www.holmon.se\/postrodd\/wp-json\/wp\/v2\/media?parent=130"}],"wp:term":[{"taxonomy":"category","embeddable":true,"href":"https:\/\/www.holmon.se\/postrodd\/wp-json\/wp\/v2\/categories?post=130"},{"taxonomy":"post_tag","embeddable":true,"href":"https:\/\/www.holmon.se\/postrodd\/wp-json\/wp\/v2\/tags?post=130"}],"curies":[{"name":"wp","href":"https:\/\/api.w.org\/{rel}","templated":true}]}}