{"id":2475,"date":"2026-08-28T16:47:32","date_gmt":"2026-08-28T14:47:32","guid":{"rendered":"https:\/\/www.holmon.se\/olle-nygren\/?p=2475"},"modified":"2026-09-01T16:57:52","modified_gmt":"2026-09-01T14:57:52","slug":"medborgarsamtal-pa-holmon","status":"publish","type":"post","link":"https:\/\/www.holmon.se\/olle-nygren\/2026\/08\/28\/medborgarsamtal-pa-holmon\/","title":{"rendered":"Medborgarsamtal p\u00e5 Holm\u00f6n"},"content":{"rendered":"\n<p class=\"wp-block-paragraph\">Trots valtider samlades idag politiker fr\u00e5n \u00c4ldren\u00e4mnden och Byggnadsn\u00e4mnden p\u00e5 Holm\u00f6n f\u00f6r att s\u00e4tta sig in i de f\u00f6rh\u00e5llanden som g\u00e4ller. Dagen inleddes med presentation av projektet Med \u00f6n som katalysator (M\u00d6K) och vad vi lokalt f\u00f6rs\u00f6ker uppn\u00e5. <\/p>\n\n\n\n<p class=\"wp-block-paragraph\">Efter lunch f\u00f6ljde tv\u00e5 medborgarsamtal. Ett samtal om byggande och samh\u00e4llsutveckling och ett samtal om seniorlivet p\u00e5 Holm\u00f6n d\u00e4r politikerna fick diskutera med \u00f6bor. M\u00e5nga intresserade \u00f6bor deltog.<\/p>\n","protected":false},"excerpt":{"rendered":"<p>Trots valtider samlades idag politiker fr\u00e5n \u00c4ldren\u00e4mnden och Byggnadsn\u00e4mnden p\u00e5 Holm\u00f6n f\u00f6r att s\u00e4tta sig in i de f\u00f6rh\u00e5llanden som g\u00e4ller. Dagen inleddes med presentation av projektet Med \u00f6n som katalysator (M\u00d6K) och vad vi lokalt f\u00f6rs\u00f6ker uppn\u00e5. Efter lunch f\u00f6ljde tv\u00e5 medborgarsamtal. Ett samtal om byggande och samh\u00e4llsutveckling och ett samtal om seniorlivet p\u00e5 &hellip; <a href=\"https:\/\/www.holmon.se\/olle-nygren\/2026\/08\/28\/medborgarsamtal-pa-holmon\/\" class=\"more-link\">Forts\u00e4tt l\u00e4sa <span class=\"screen-reader-text\">Medborgarsamtal p\u00e5 Holm\u00f6n<\/span> <span class=\"meta-nav\">&rarr;<\/span><\/a><\/p>\n","protected":false},"author":3,"featured_media":2476,"comment_status":"open","ping_status":"open","sticky":false,"template":"","format":"standard","meta":{"footnotes":""},"categories":[35,13,19],"tags":[],"class_list":["post-2475","post","type-post","status-publish","format-standard","has-post-thumbnail","hentry","category-foreningsarbete","category-halsa","category-holmon-historia-och-samhalle"],"_links":{"self":[{"href":"https:\/\/www.holmon.se\/olle-nygren\/wp-json\/wp\/v2\/posts\/2475","targetHints":{"allow":["GET"]}}],"collection":[{"href":"https:\/\/www.holmon.se\/olle-nygren\/wp-json\/wp\/v2\/posts"}],"about":[{"href":"https:\/\/www.holmon.se\/olle-nygren\/wp-json\/wp\/v2\/types\/post"}],"author":[{"embeddable":true,"href":"https:\/\/www.holmon.se\/olle-nygren\/wp-json\/wp\/v2\/users\/3"}],"replies":[{"embeddable":true,"href":"https:\/\/www.holmon.se\/olle-nygren\/wp-json\/wp\/v2\/comments?post=2475"}],"version-history":[{"count":1,"href":"https:\/\/www.holmon.se\/olle-nygren\/wp-json\/wp\/v2\/posts\/2475\/revisions"}],"predecessor-version":[{"id":2477,"href":"https:\/\/www.holmon.se\/olle-nygren\/wp-json\/wp\/v2\/posts\/2475\/revisions\/2477"}],"wp:featuredmedia":[{"embeddable":true,"href":"https:\/\/www.holmon.se\/olle-nygren\/wp-json\/wp\/v2\/media\/2476"}],"wp:attachment":[{"href":"https:\/\/www.holmon.se\/olle-nygren\/wp-json\/wp\/v2\/media?parent=2475"}],"wp:term":[{"taxonomy":"category","embeddable":true,"href":"https:\/\/www.holmon.se\/olle-nygren\/wp-json\/wp\/v2\/categories?post=2475"},{"taxonomy":"post_tag","embeddable":true,"href":"https:\/\/www.holmon.se\/olle-nygren\/wp-json\/wp\/v2\/tags?post=2475"}],"curies":[{"name":"wp","href":"https:\/\/api.w.org\/{rel}","templated":true}]}}