{"id":2472,"date":"2026-08-25T16:36:36","date_gmt":"2026-08-25T14:36:36","guid":{"rendered":"https:\/\/www.holmon.se\/olle-nygren\/?p=2472"},"modified":"2026-09-01T16:37:21","modified_gmt":"2026-09-01T14:37:21","slug":"mote-om-holmon","status":"publish","type":"post","link":"https:\/\/www.holmon.se\/olle-nygren\/2026\/08\/25\/mote-om-holmon\/","title":{"rendered":"M\u00f6te om Holm\u00f6n"},"content":{"rendered":"\n<p class=\"wp-block-paragraph\">L\u00e4nsstyrelsen och Kommunen hade kallat till ett diskussionsm\u00f6te om framtiden p\u00e5 Holm\u00f6n. Deltagare var f\u00f6retr\u00e4dare f\u00f6r Trafikverket, Sj\u00f6fartsverket, L\u00e4nsstyrelsen, Kommunen och HUF och projektledningen till M\u00d6K.<\/p>\n\n\n\n<p class=\"wp-block-paragraph\">M\u00f6tet omfattade presentation av projektet Med \u00f6n som katalysator (M\u00d6K). Med utg\u00e5ngspunkt fr\u00e5n den presentationen f\u00f6ljde diskussioner om vad respektive organisation skulle kunna bidra med f\u00f6r att f\u00f6rb\u00e4ttra utvecklingen p\u00e5 Holm\u00f6n.<\/p>\n\n\n\n<p class=\"wp-block-paragraph\"><\/p>\n","protected":false},"excerpt":{"rendered":"<p>L\u00e4nsstyrelsen och Kommunen hade kallat till ett diskussionsm\u00f6te om framtiden p\u00e5 Holm\u00f6n. Deltagare var f\u00f6retr\u00e4dare f\u00f6r Trafikverket, Sj\u00f6fartsverket, L\u00e4nsstyrelsen, Kommunen och HUF och projektledningen till M\u00d6K. M\u00f6tet omfattade presentation av projektet Med \u00f6n som katalysator (M\u00d6K). Med utg\u00e5ngspunkt fr\u00e5n den presentationen f\u00f6ljde diskussioner om vad respektive organisation skulle kunna bidra med f\u00f6r att f\u00f6rb\u00e4ttra utvecklingen &hellip; <a href=\"https:\/\/www.holmon.se\/olle-nygren\/2026\/08\/25\/mote-om-holmon\/\" class=\"more-link\">Forts\u00e4tt l\u00e4sa <span class=\"screen-reader-text\">M\u00f6te om Holm\u00f6n<\/span> <span class=\"meta-nav\">&rarr;<\/span><\/a><\/p>\n","protected":false},"author":3,"featured_media":2342,"comment_status":"open","ping_status":"open","sticky":false,"template":"","format":"standard","meta":{"footnotes":""},"categories":[15,35,19],"tags":[],"class_list":["post-2472","post","type-post","status-publish","format-standard","has-post-thumbnail","hentry","category-arbete","category-foreningsarbete","category-holmon-historia-och-samhalle"],"_links":{"self":[{"href":"https:\/\/www.holmon.se\/olle-nygren\/wp-json\/wp\/v2\/posts\/2472","targetHints":{"allow":["GET"]}}],"collection":[{"href":"https:\/\/www.holmon.se\/olle-nygren\/wp-json\/wp\/v2\/posts"}],"about":[{"href":"https:\/\/www.holmon.se\/olle-nygren\/wp-json\/wp\/v2\/types\/post"}],"author":[{"embeddable":true,"href":"https:\/\/www.holmon.se\/olle-nygren\/wp-json\/wp\/v2\/users\/3"}],"replies":[{"embeddable":true,"href":"https:\/\/www.holmon.se\/olle-nygren\/wp-json\/wp\/v2\/comments?post=2472"}],"version-history":[{"count":2,"href":"https:\/\/www.holmon.se\/olle-nygren\/wp-json\/wp\/v2\/posts\/2472\/revisions"}],"predecessor-version":[{"id":2474,"href":"https:\/\/www.holmon.se\/olle-nygren\/wp-json\/wp\/v2\/posts\/2472\/revisions\/2474"}],"wp:featuredmedia":[{"embeddable":true,"href":"https:\/\/www.holmon.se\/olle-nygren\/wp-json\/wp\/v2\/media\/2342"}],"wp:attachment":[{"href":"https:\/\/www.holmon.se\/olle-nygren\/wp-json\/wp\/v2\/media?parent=2472"}],"wp:term":[{"taxonomy":"category","embeddable":true,"href":"https:\/\/www.holmon.se\/olle-nygren\/wp-json\/wp\/v2\/categories?post=2472"},{"taxonomy":"post_tag","embeddable":true,"href":"https:\/\/www.holmon.se\/olle-nygren\/wp-json\/wp\/v2\/tags?post=2472"}],"curies":[{"name":"wp","href":"https:\/\/api.w.org\/{rel}","templated":true}]}}